{"id":464,"date":"2017-10-14T07:51:00","date_gmt":"2017-10-14T05:51:00","guid":{"rendered":"http:\/\/vega78astronomie.fr\/?p=464"},"modified":"2021-03-09T07:51:59","modified_gmt":"2021-03-09T06:51:59","slug":"nuit-des-etoiles-a-villiers-saint-frederic","status":"publish","type":"post","link":"https:\/\/vega78astronomie.fr\/index.php\/2017\/10\/14\/nuit-des-etoiles-a-villiers-saint-frederic\/","title":{"rendered":"Nuit des \u00e9toiles \u00e0 Villiers-Saint-Fr\u00e9d\u00e9ric"},"content":{"rendered":"\n<figure class=\"wp-block-image size-large\"><img loading=\"lazy\" decoding=\"async\" width=\"1024\" height=\"683\" src=\"http:\/\/vega78astronomie.fr\/wp-content\/uploads\/2021\/03\/008-1.jpg\" alt=\"\" class=\"wp-image-465\" srcset=\"https:\/\/vega78astronomie.fr\/wp-content\/uploads\/2021\/03\/008-1.jpg 1024w, https:\/\/vega78astronomie.fr\/wp-content\/uploads\/2021\/03\/008-1-300x200.jpg 300w, https:\/\/vega78astronomie.fr\/wp-content\/uploads\/2021\/03\/008-1-768x512.jpg 768w, https:\/\/vega78astronomie.fr\/wp-content\/uploads\/2021\/03\/008-1-200x133.jpg 200w\" sizes=\"auto, (max-width: 1024px) 100vw, 1024px\" \/><\/figure>\n\n\n\n<figure class=\"wp-block-image size-large\"><img loading=\"lazy\" decoding=\"async\" width=\"1024\" height=\"683\" src=\"http:\/\/vega78astronomie.fr\/wp-content\/uploads\/2021\/03\/017-2.jpg\" alt=\"\" class=\"wp-image-466\" srcset=\"https:\/\/vega78astronomie.fr\/wp-content\/uploads\/2021\/03\/017-2.jpg 1024w, https:\/\/vega78astronomie.fr\/wp-content\/uploads\/2021\/03\/017-2-300x200.jpg 300w, https:\/\/vega78astronomie.fr\/wp-content\/uploads\/2021\/03\/017-2-768x512.jpg 768w, https:\/\/vega78astronomie.fr\/wp-content\/uploads\/2021\/03\/017-2-200x133.jpg 200w\" sizes=\"auto, (max-width: 1024px) 100vw, 1024px\" \/><\/figure>\n\n\n\n<figure class=\"wp-block-image size-large\"><img loading=\"lazy\" decoding=\"async\" width=\"795\" height=\"530\" src=\"http:\/\/vega78astronomie.fr\/wp-content\/uploads\/2021\/03\/022-1.jpg\" alt=\"\" class=\"wp-image-467\" srcset=\"https:\/\/vega78astronomie.fr\/wp-content\/uploads\/2021\/03\/022-1.jpg 795w, https:\/\/vega78astronomie.fr\/wp-content\/uploads\/2021\/03\/022-1-300x200.jpg 300w, https:\/\/vega78astronomie.fr\/wp-content\/uploads\/2021\/03\/022-1-768x512.jpg 768w, https:\/\/vega78astronomie.fr\/wp-content\/uploads\/2021\/03\/022-1-200x133.jpg 200w\" sizes=\"auto, (max-width: 795px) 100vw, 795px\" \/><\/figure>\n","protected":false},"excerpt":{"rendered":"","protected":false},"author":1,"featured_media":0,"comment_status":"closed","ping_status":"open","sticky":false,"template":"","format":"standard","meta":{"footnotes":""},"categories":[13],"tags":[],"class_list":["post-464","post","type-post","status-publish","format-standard","hentry","category-nuit-des-etoiles"],"_links":{"self":[{"href":"https:\/\/vega78astronomie.fr\/index.php\/wp-json\/wp\/v2\/posts\/464","targetHints":{"allow":["GET"]}}],"collection":[{"href":"https:\/\/vega78astronomie.fr\/index.php\/wp-json\/wp\/v2\/posts"}],"about":[{"href":"https:\/\/vega78astronomie.fr\/index.php\/wp-json\/wp\/v2\/types\/post"}],"author":[{"embeddable":true,"href":"https:\/\/vega78astronomie.fr\/index.php\/wp-json\/wp\/v2\/users\/1"}],"replies":[{"embeddable":true,"href":"https:\/\/vega78astronomie.fr\/index.php\/wp-json\/wp\/v2\/comments?post=464"}],"version-history":[{"count":1,"href":"https:\/\/vega78astronomie.fr\/index.php\/wp-json\/wp\/v2\/posts\/464\/revisions"}],"predecessor-version":[{"id":468,"href":"https:\/\/vega78astronomie.fr\/index.php\/wp-json\/wp\/v2\/posts\/464\/revisions\/468"}],"wp:attachment":[{"href":"https:\/\/vega78astronomie.fr\/index.php\/wp-json\/wp\/v2\/media?parent=464"}],"wp:term":[{"taxonomy":"category","embeddable":true,"href":"https:\/\/vega78astronomie.fr\/index.php\/wp-json\/wp\/v2\/categories?post=464"},{"taxonomy":"post_tag","embeddable":true,"href":"https:\/\/vega78astronomie.fr\/index.php\/wp-json\/wp\/v2\/tags?post=464"}],"curies":[{"name":"wp","href":"https:\/\/api.w.org\/{rel}","templated":true}]}}