{"id":2440,"date":"2025-09-22T10:08:47","date_gmt":"2025-09-22T08:08:47","guid":{"rendered":"https:\/\/vega78astronomie.fr\/?p=2440"},"modified":"2025-09-22T10:08:47","modified_gmt":"2025-09-22T08:08:47","slug":"le-complexe-nebulaire-de-cephee","status":"publish","type":"post","link":"https:\/\/vega78astronomie.fr\/index.php\/2025\/09\/22\/le-complexe-nebulaire-de-cephee\/","title":{"rendered":"Le complexe n\u00e9bulaire de C\u00e9ph\u00e9e"},"content":{"rendered":"\n<p>C\u00e9ph\u00e9e offre de magnifiques, mais subtils, complexes \u00e0 observer. Cette superbe prise de vue en grand champ avec un objectif Samyang 135mm a \u00e9t\u00e9 r\u00e9alis\u00e9e par Lo\u00efck sous un ciel tr\u00e8s noir dans le Morvan. Elle couvre un champ de 7,4\u00b0 x 5\u00b0 et a n\u00e9cessit\u00e9 plus de 22h de pose&#8230;<br>On retrouve au centre la n\u00e9buleuse du Requin, plus haut celle du Poisson Pourri, plus bas celle par r\u00e9flexion du Grand T\u00e9tras. Cette image r\u00e9v\u00e8le \u00e9galement un r\u00e9manent de supernova sous la forme d&rsquo;un long filament rouge, et bien d&rsquo;autres n\u00e9buleuses sombres, en \u00e9mission, et \u00e9galement une n\u00e9buleuse plan\u00e9taire. <br>Tous les d\u00e9tails sur la page Astrobin de Lo\u00efck : <a href=\"https:\/\/www.astrobin.com\/bfcgr6\/\">https:\/\/www.astrobin.com\/bfcgr6\/<\/a><\/p>\n\n\n\n<figure class=\"wp-block-image size-large\"><a href=\"https:\/\/vega78astronomie.fr\/wp-content\/uploads\/2025\/09\/DARK_NEBULAE_CEPHEI_Starless_Stars_Best-scaled.jpg\"><img loading=\"lazy\" decoding=\"async\" width=\"692\" height=\"1024\" src=\"https:\/\/vega78astronomie.fr\/wp-content\/uploads\/2025\/09\/DARK_NEBULAE_CEPHEI_Starless_Stars_Best-692x1024.jpg\" alt=\"\" class=\"wp-image-2482\" srcset=\"https:\/\/vega78astronomie.fr\/wp-content\/uploads\/2025\/09\/DARK_NEBULAE_CEPHEI_Starless_Stars_Best-692x1024.jpg 692w, https:\/\/vega78astronomie.fr\/wp-content\/uploads\/2025\/09\/DARK_NEBULAE_CEPHEI_Starless_Stars_Best-203x300.jpg 203w, https:\/\/vega78astronomie.fr\/wp-content\/uploads\/2025\/09\/DARK_NEBULAE_CEPHEI_Starless_Stars_Best-768x1137.jpg 768w, https:\/\/vega78astronomie.fr\/wp-content\/uploads\/2025\/09\/DARK_NEBULAE_CEPHEI_Starless_Stars_Best-100x148.jpg 100w, https:\/\/vega78astronomie.fr\/wp-content\/uploads\/2025\/09\/DARK_NEBULAE_CEPHEI_Starless_Stars_Best-1037x1536.jpg 1037w, https:\/\/vega78astronomie.fr\/wp-content\/uploads\/2025\/09\/DARK_NEBULAE_CEPHEI_Starless_Stars_Best-1383x2048.jpg 1383w, https:\/\/vega78astronomie.fr\/wp-content\/uploads\/2025\/09\/DARK_NEBULAE_CEPHEI_Starless_Stars_Best-135x200.jpg 135w, https:\/\/vega78astronomie.fr\/wp-content\/uploads\/2025\/09\/DARK_NEBULAE_CEPHEI_Starless_Stars_Best-scaled.jpg 1729w\" sizes=\"auto, (max-width: 692px) 100vw, 692px\" \/><\/a><figcaption class=\"wp-element-caption\"><em>Photo Lo\u00efck Viger<\/em><\/figcaption><\/figure>\n\n\n\n<figure class=\"wp-block-image size-large\"><img loading=\"lazy\" decoding=\"async\" width=\"692\" height=\"1024\" src=\"https:\/\/vega78astronomie.fr\/wp-content\/uploads\/2025\/09\/DARK_NEBULAE_CEPHEI_Starless_Stars_Best_Annotated-692x1024.jpg\" alt=\"\" class=\"wp-image-2483\" srcset=\"https:\/\/vega78astronomie.fr\/wp-content\/uploads\/2025\/09\/DARK_NEBULAE_CEPHEI_Starless_Stars_Best_Annotated-692x1024.jpg 692w, https:\/\/vega78astronomie.fr\/wp-content\/uploads\/2025\/09\/DARK_NEBULAE_CEPHEI_Starless_Stars_Best_Annotated-203x300.jpg 203w, https:\/\/vega78astronomie.fr\/wp-content\/uploads\/2025\/09\/DARK_NEBULAE_CEPHEI_Starless_Stars_Best_Annotated-768x1137.jpg 768w, https:\/\/vega78astronomie.fr\/wp-content\/uploads\/2025\/09\/DARK_NEBULAE_CEPHEI_Starless_Stars_Best_Annotated-100x148.jpg 100w, https:\/\/vega78astronomie.fr\/wp-content\/uploads\/2025\/09\/DARK_NEBULAE_CEPHEI_Starless_Stars_Best_Annotated-1037x1536.jpg 1037w, https:\/\/vega78astronomie.fr\/wp-content\/uploads\/2025\/09\/DARK_NEBULAE_CEPHEI_Starless_Stars_Best_Annotated-1383x2048.jpg 1383w, https:\/\/vega78astronomie.fr\/wp-content\/uploads\/2025\/09\/DARK_NEBULAE_CEPHEI_Starless_Stars_Best_Annotated-135x200.jpg 135w, https:\/\/vega78astronomie.fr\/wp-content\/uploads\/2025\/09\/DARK_NEBULAE_CEPHEI_Starless_Stars_Best_Annotated-scaled.jpg 1729w\" sizes=\"auto, (max-width: 692px) 100vw, 692px\" \/><figcaption class=\"wp-element-caption\"><em>M\u00eame image, avec les annotations<\/em><\/figcaption><\/figure>\n\n\n\n<figure class=\"wp-block-image size-large\"><a href=\"https:\/\/vega78astronomie.fr\/wp-content\/uploads\/2025\/08\/Nebuleuse-du-requin_LV.jpeg\"><img loading=\"lazy\" decoding=\"async\" width=\"1024\" height=\"681\" src=\"https:\/\/vega78astronomie.fr\/wp-content\/uploads\/2025\/08\/Nebuleuse-du-requin_LV-1024x681.jpeg\" alt=\"\" class=\"wp-image-2441\" srcset=\"https:\/\/vega78astronomie.fr\/wp-content\/uploads\/2025\/08\/Nebuleuse-du-requin_LV-1024x681.jpeg 1024w, https:\/\/vega78astronomie.fr\/wp-content\/uploads\/2025\/08\/Nebuleuse-du-requin_LV-300x199.jpeg 300w, https:\/\/vega78astronomie.fr\/wp-content\/uploads\/2025\/08\/Nebuleuse-du-requin_LV-768x511.jpeg 768w, https:\/\/vega78astronomie.fr\/wp-content\/uploads\/2025\/08\/Nebuleuse-du-requin_LV-100x66.jpeg 100w, https:\/\/vega78astronomie.fr\/wp-content\/uploads\/2025\/08\/Nebuleuse-du-requin_LV-1536x1021.jpeg 1536w, https:\/\/vega78astronomie.fr\/wp-content\/uploads\/2025\/08\/Nebuleuse-du-requin_LV-2048x1362.jpeg 2048w, https:\/\/vega78astronomie.fr\/wp-content\/uploads\/2025\/08\/Nebuleuse-du-requin_LV-200x133.jpeg 200w\" sizes=\"auto, (max-width: 1024px) 100vw, 1024px\" \/><\/a><figcaption class=\"wp-element-caption\"><em>La n\u00e9buleuse du Requin, photo Lo\u00efck Vige<\/em>r, <em>d\u00e9tails sur <a href=\"https:\/\/www.astrobin.com\/y1te7l\/\">https:\/\/www.astrobin.com\/y1te7l\/<\/a><\/em><\/figcaption><\/figure>\n\n\n\n<p><\/p>\n","protected":false},"excerpt":{"rendered":"<p>C\u00e9ph\u00e9e offre de magnifiques, mais subtils, complexes \u00e0 observer. Cette superbe prise de vue en grand champ avec un objectif Samyang 135mm a \u00e9t\u00e9 r\u00e9alis\u00e9e par Lo\u00efck sous un ciel tr\u00e8s noir dans le Morvan. Elle couvre un champ de 7,4\u00b0 x 5\u00b0 et a n\u00e9cessit\u00e9 plus de 22h de pose&#8230;On retrouve au centre la [&hellip;]<\/p>\n","protected":false},"author":3,"featured_media":0,"comment_status":"closed","ping_status":"open","sticky":false,"template":"","format":"standard","meta":{"footnotes":""},"categories":[19],"tags":[],"class_list":["post-2440","post","type-post","status-publish","format-standard","hentry","category-ciel-profond"],"_links":{"self":[{"href":"https:\/\/vega78astronomie.fr\/index.php\/wp-json\/wp\/v2\/posts\/2440","targetHints":{"allow":["GET"]}}],"collection":[{"href":"https:\/\/vega78astronomie.fr\/index.php\/wp-json\/wp\/v2\/posts"}],"about":[{"href":"https:\/\/vega78astronomie.fr\/index.php\/wp-json\/wp\/v2\/types\/post"}],"author":[{"embeddable":true,"href":"https:\/\/vega78astronomie.fr\/index.php\/wp-json\/wp\/v2\/users\/3"}],"replies":[{"embeddable":true,"href":"https:\/\/vega78astronomie.fr\/index.php\/wp-json\/wp\/v2\/comments?post=2440"}],"version-history":[{"count":2,"href":"https:\/\/vega78astronomie.fr\/index.php\/wp-json\/wp\/v2\/posts\/2440\/revisions"}],"predecessor-version":[{"id":2484,"href":"https:\/\/vega78astronomie.fr\/index.php\/wp-json\/wp\/v2\/posts\/2440\/revisions\/2484"}],"wp:attachment":[{"href":"https:\/\/vega78astronomie.fr\/index.php\/wp-json\/wp\/v2\/media?parent=2440"}],"wp:term":[{"taxonomy":"category","embeddable":true,"href":"https:\/\/vega78astronomie.fr\/index.php\/wp-json\/wp\/v2\/categories?post=2440"},{"taxonomy":"post_tag","embeddable":true,"href":"https:\/\/vega78astronomie.fr\/index.php\/wp-json\/wp\/v2\/tags?post=2440"}],"curies":[{"name":"wp","href":"https:\/\/api.w.org\/{rel}","templated":true}]}}