{"id":2325,"date":"2025-01-27T09:12:31","date_gmt":"2025-01-27T08:12:31","guid":{"rendered":"https:\/\/vega78astronomie.fr\/?p=2325"},"modified":"2025-01-27T11:17:18","modified_gmt":"2025-01-27T10:17:18","slug":"rotation-de-mars","status":"publish","type":"post","link":"https:\/\/vega78astronomie.fr\/index.php\/2025\/01\/27\/rotation-de-mars\/","title":{"rendered":"Rotation de Mars"},"content":{"rendered":"\n<p>Cette s\u00e9quence a \u00e9t\u00e9 r\u00e9alis\u00e9e le 14 janvier, soit 2 jours avant l&rsquo;opposition martienne et 2 jours apr\u00e8s son passage au p\u00e9rig\u00e9e \u00e0 96,1 millions de km de la Terre. Le diam\u00e8tre apparent de la plan\u00e8te est d&rsquo;environ 14,5 secondes d&rsquo;arc et la magnitude de -1,4.<br>Cette animation couvre une p\u00e9riode de 1h26&prime; (de 2h20 \u00e0 3h46 TU). <br>Instrumentation : Schmidt-Cassegrain de 305mm, focale 5900 mm, cam\u00e9ra ASI462 couleur, 11 vid\u00e9os de 4 minutes chacune.<\/p>\n\n\n\n<figure class=\"wp-block-image size-full\"><a href=\"https:\/\/vega78astronomie.fr\/wp-content\/uploads\/2025\/01\/2025-01-14-0110.gif\"><img loading=\"lazy\" decoding=\"async\" width=\"400\" height=\"400\" src=\"https:\/\/vega78astronomie.fr\/wp-content\/uploads\/2025\/01\/2025-01-14-0110.gif\" alt=\"\" class=\"wp-image-2326\"\/><\/a><figcaption class=\"wp-element-caption\"><em>Photos et animation Philippe Martin<\/em>,<em> depuis Plaisir (78)<\/em><\/figcaption><\/figure>\n","protected":false},"excerpt":{"rendered":"<p>Cette s\u00e9quence a \u00e9t\u00e9 r\u00e9alis\u00e9e le 14 janvier, soit 2 jours avant l&rsquo;opposition martienne et 2 jours apr\u00e8s son passage au p\u00e9rig\u00e9e \u00e0 96,1 millions de km de la Terre. Le diam\u00e8tre apparent de la plan\u00e8te est d&rsquo;environ 14,5 secondes d&rsquo;arc et la magnitude de -1,4.Cette animation couvre une p\u00e9riode de 1h26&prime; (de 2h20 \u00e0 [&hellip;]<\/p>\n","protected":false},"author":3,"featured_media":0,"comment_status":"closed","ping_status":"open","sticky":false,"template":"","format":"standard","meta":{"footnotes":""},"categories":[22],"tags":[92],"class_list":["post-2325","post","type-post","status-publish","format-standard","hentry","category-planetes","tag-mars"],"_links":{"self":[{"href":"https:\/\/vega78astronomie.fr\/index.php\/wp-json\/wp\/v2\/posts\/2325","targetHints":{"allow":["GET"]}}],"collection":[{"href":"https:\/\/vega78astronomie.fr\/index.php\/wp-json\/wp\/v2\/posts"}],"about":[{"href":"https:\/\/vega78astronomie.fr\/index.php\/wp-json\/wp\/v2\/types\/post"}],"author":[{"embeddable":true,"href":"https:\/\/vega78astronomie.fr\/index.php\/wp-json\/wp\/v2\/users\/3"}],"replies":[{"embeddable":true,"href":"https:\/\/vega78astronomie.fr\/index.php\/wp-json\/wp\/v2\/comments?post=2325"}],"version-history":[{"count":2,"href":"https:\/\/vega78astronomie.fr\/index.php\/wp-json\/wp\/v2\/posts\/2325\/revisions"}],"predecessor-version":[{"id":2329,"href":"https:\/\/vega78astronomie.fr\/index.php\/wp-json\/wp\/v2\/posts\/2325\/revisions\/2329"}],"wp:attachment":[{"href":"https:\/\/vega78astronomie.fr\/index.php\/wp-json\/wp\/v2\/media?parent=2325"}],"wp:term":[{"taxonomy":"category","embeddable":true,"href":"https:\/\/vega78astronomie.fr\/index.php\/wp-json\/wp\/v2\/categories?post=2325"},{"taxonomy":"post_tag","embeddable":true,"href":"https:\/\/vega78astronomie.fr\/index.php\/wp-json\/wp\/v2\/tags?post=2325"}],"curies":[{"name":"wp","href":"https:\/\/api.w.org\/{rel}","templated":true}]}}