{"id":2304,"date":"2025-01-11T10:58:17","date_gmt":"2025-01-11T09:58:17","guid":{"rendered":"https:\/\/vega78astronomie.fr\/?p=2304"},"modified":"2025-01-11T10:59:26","modified_gmt":"2025-01-11T09:59:26","slug":"grand-champ-sur-la-boucle-de-barnard-nord","status":"publish","type":"post","link":"https:\/\/vega78astronomie.fr\/index.php\/2025\/01\/11\/grand-champ-sur-la-boucle-de-barnard-nord\/","title":{"rendered":"Grand champ sur la Boucle de Barnard nord"},"content":{"rendered":"\n<p>Commen\u00e7ons l&rsquo;ann\u00e9e par un magnifique tr\u00e8s grand champ (8,47\u00b0 x 5,77\u00b0) r\u00e9alis\u00e9 dans le Queyras en fin d&rsquo;ann\u00e9e 2024 par Lo\u00efck Viger. On y trouve notamment : la n\u00e9buleuse sombre du Croque-Mitaine (LDN 1622) ; la n\u00e9buleuse par r\u00e9flexion M78, la n\u00e9buleuse en \u00e9mission de la Flamme (NGC 2024) et celle sombre de la T\u00eate de Cheval (IC 434). Cette photo permet de visualiser la dynamique des masses n\u00e9bulaires de cette r\u00e9gion de la constellation d&rsquo;Orion, situ\u00e9e entre 1 300 et 1 600 ann\u00e9es-lumi\u00e8re.&nbsp;Sur cette photo, le nord est \u00e0 gauche.<\/p>\n\n\n\n<figure class=\"wp-block-image size-large\"><a href=\"https:\/\/vega78astronomie.fr\/wp-content\/uploads\/2025\/01\/jedXKEupcxg_16536x0_ieTZ0INm-scaled.jpg\"><img loading=\"lazy\" decoding=\"async\" width=\"1024\" height=\"697\" src=\"https:\/\/vega78astronomie.fr\/wp-content\/uploads\/2025\/01\/jedXKEupcxg_16536x0_ieTZ0INm-1024x697.jpg\" alt=\"\" class=\"wp-image-2305\" srcset=\"https:\/\/vega78astronomie.fr\/wp-content\/uploads\/2025\/01\/jedXKEupcxg_16536x0_ieTZ0INm-1024x697.jpg 1024w, https:\/\/vega78astronomie.fr\/wp-content\/uploads\/2025\/01\/jedXKEupcxg_16536x0_ieTZ0INm-300x204.jpg 300w, https:\/\/vega78astronomie.fr\/wp-content\/uploads\/2025\/01\/jedXKEupcxg_16536x0_ieTZ0INm-768x523.jpg 768w, https:\/\/vega78astronomie.fr\/wp-content\/uploads\/2025\/01\/jedXKEupcxg_16536x0_ieTZ0INm-1536x1046.jpg 1536w, https:\/\/vega78astronomie.fr\/wp-content\/uploads\/2025\/01\/jedXKEupcxg_16536x0_ieTZ0INm-2048x1395.jpg 2048w, https:\/\/vega78astronomie.fr\/wp-content\/uploads\/2025\/01\/jedXKEupcxg_16536x0_ieTZ0INm-200x136.jpg 200w\" sizes=\"auto, (max-width: 1024px) 100vw, 1024px\" \/><\/a><figcaption class=\"wp-element-caption\"><em>Photo Lo\u00efck Viger, objectif Samyang 135mm f\/2.8 sur cam\u00e9ra ASI294MC, pr\u00e8s de 7h de pose<\/em><\/figcaption><\/figure>\n\n\n\n<p>La m\u00eame photo, annot\u00e9e par Pixinsight :<\/p>\n\n\n\n<figure class=\"wp-block-image size-large\"><img loading=\"lazy\" decoding=\"async\" width=\"1024\" height=\"697\" src=\"https:\/\/vega78astronomie.fr\/wp-content\/uploads\/2025\/01\/BARNARD_Starless_Stars_Annotated_-1024x697.jpg\" alt=\"\" class=\"wp-image-2306\" srcset=\"https:\/\/vega78astronomie.fr\/wp-content\/uploads\/2025\/01\/BARNARD_Starless_Stars_Annotated_-1024x697.jpg 1024w, https:\/\/vega78astronomie.fr\/wp-content\/uploads\/2025\/01\/BARNARD_Starless_Stars_Annotated_-300x204.jpg 300w, https:\/\/vega78astronomie.fr\/wp-content\/uploads\/2025\/01\/BARNARD_Starless_Stars_Annotated_-768x523.jpg 768w, https:\/\/vega78astronomie.fr\/wp-content\/uploads\/2025\/01\/BARNARD_Starless_Stars_Annotated_-1536x1046.jpg 1536w, https:\/\/vega78astronomie.fr\/wp-content\/uploads\/2025\/01\/BARNARD_Starless_Stars_Annotated_-2048x1395.jpg 2048w, https:\/\/vega78astronomie.fr\/wp-content\/uploads\/2025\/01\/BARNARD_Starless_Stars_Annotated_-200x136.jpg 200w\" sizes=\"auto, (max-width: 1024px) 100vw, 1024px\" \/><\/figure>\n\n\n\n<p>  <\/p>\n\n\n\n<figure class=\"wp-block-image size-medium\"><img loading=\"lazy\" decoding=\"async\" width=\"300\" height=\"300\" src=\"https:\/\/vega78astronomie.fr\/wp-content\/uploads\/2025\/01\/Carte-ciel-photo-Boucle-Barnard-nord-300x300.png\" alt=\"\" class=\"wp-image-2308\" srcset=\"https:\/\/vega78astronomie.fr\/wp-content\/uploads\/2025\/01\/Carte-ciel-photo-Boucle-Barnard-nord-300x300.png 300w, https:\/\/vega78astronomie.fr\/wp-content\/uploads\/2025\/01\/Carte-ciel-photo-Boucle-Barnard-nord-150x150.png 150w, https:\/\/vega78astronomie.fr\/wp-content\/uploads\/2025\/01\/Carte-ciel-photo-Boucle-Barnard-nord-768x768.png 768w, https:\/\/vega78astronomie.fr\/wp-content\/uploads\/2025\/01\/Carte-ciel-photo-Boucle-Barnard-nord-200x200.png 200w, https:\/\/vega78astronomie.fr\/wp-content\/uploads\/2025\/01\/Carte-ciel-photo-Boucle-Barnard-nord.png 1024w\" sizes=\"auto, (max-width: 300px) 100vw, 300px\" \/><figcaption class=\"wp-element-caption\"><em>Carte de situation de la photo<\/em><\/figcaption><\/figure>\n\n\n\n<p><\/p>\n","protected":false},"excerpt":{"rendered":"<p>Commen\u00e7ons l&rsquo;ann\u00e9e par un magnifique tr\u00e8s grand champ (8,47\u00b0 x 5,77\u00b0) r\u00e9alis\u00e9 dans le Queyras en fin d&rsquo;ann\u00e9e 2024 par Lo\u00efck Viger. On y trouve notamment : la n\u00e9buleuse sombre du Croque-Mitaine (LDN 1622) ; la n\u00e9buleuse par r\u00e9flexion M78, la n\u00e9buleuse en \u00e9mission de la Flamme (NGC 2024) et celle sombre de la T\u00eate [&hellip;]<\/p>\n","protected":false},"author":3,"featured_media":0,"comment_status":"closed","ping_status":"open","sticky":false,"template":"","format":"standard","meta":{"footnotes":""},"categories":[19],"tags":[58,67,88],"class_list":["post-2304","post","type-post","status-publish","format-standard","hentry","category-ciel-profond","tag-barnard","tag-croquemitaine","tag-tete-de-cheval"],"_links":{"self":[{"href":"https:\/\/vega78astronomie.fr\/index.php\/wp-json\/wp\/v2\/posts\/2304","targetHints":{"allow":["GET"]}}],"collection":[{"href":"https:\/\/vega78astronomie.fr\/index.php\/wp-json\/wp\/v2\/posts"}],"about":[{"href":"https:\/\/vega78astronomie.fr\/index.php\/wp-json\/wp\/v2\/types\/post"}],"author":[{"embeddable":true,"href":"https:\/\/vega78astronomie.fr\/index.php\/wp-json\/wp\/v2\/users\/3"}],"replies":[{"embeddable":true,"href":"https:\/\/vega78astronomie.fr\/index.php\/wp-json\/wp\/v2\/comments?post=2304"}],"version-history":[{"count":3,"href":"https:\/\/vega78astronomie.fr\/index.php\/wp-json\/wp\/v2\/posts\/2304\/revisions"}],"predecessor-version":[{"id":2310,"href":"https:\/\/vega78astronomie.fr\/index.php\/wp-json\/wp\/v2\/posts\/2304\/revisions\/2310"}],"wp:attachment":[{"href":"https:\/\/vega78astronomie.fr\/index.php\/wp-json\/wp\/v2\/media?parent=2304"}],"wp:term":[{"taxonomy":"category","embeddable":true,"href":"https:\/\/vega78astronomie.fr\/index.php\/wp-json\/wp\/v2\/categories?post=2304"},{"taxonomy":"post_tag","embeddable":true,"href":"https:\/\/vega78astronomie.fr\/index.php\/wp-json\/wp\/v2\/tags?post=2304"}],"curies":[{"name":"wp","href":"https:\/\/api.w.org\/{rel}","templated":true}]}}