{"id":2225,"date":"2024-09-01T10:24:27","date_gmt":"2024-09-01T08:24:27","guid":{"rendered":"http:\/\/vega78astronomie.fr\/?p=2225"},"modified":"2024-09-01T10:24:29","modified_gmt":"2024-09-01T08:24:29","slug":"tache-solaire-ar3780","status":"publish","type":"post","link":"https:\/\/vega78astronomie.fr\/index.php\/2024\/09\/01\/tache-solaire-ar3780\/","title":{"rendered":"Tache solaire AR3780"},"content":{"rendered":"\n<p>En cet \u00e9t\u00e9 de m\u00e9t\u00e9o nocturne capricieuse, le Soleil, tr\u00e8s actif en ce moment (cf aurore polaire du 10 mai dernier !), offre de magnifiques taches \u00e0 immortaliser. Ici la r\u00e9gion active 3780, en d\u00e9tail, prise le 6 ao\u00fbt avec un SCT 12&prime; \u00e0 f\/d 20 (cam\u00e9ra ASI 174MM). <\/p>\n\n\n\n<figure class=\"wp-block-image size-large\"><a href=\"http:\/\/vega78astronomie.fr\/wp-content\/uploads\/2024\/09\/2024-08-06-1216_4-CapObj_lapl2_ap6443_Couleur.jpg\"><img loading=\"lazy\" decoding=\"async\" width=\"1024\" height=\"652\" src=\"http:\/\/vega78astronomie.fr\/wp-content\/uploads\/2024\/09\/2024-08-06-1216_4-CapObj_lapl2_ap6443_Couleur-1024x652.jpg\" alt=\"\" class=\"wp-image-2226\" srcset=\"https:\/\/vega78astronomie.fr\/wp-content\/uploads\/2024\/09\/2024-08-06-1216_4-CapObj_lapl2_ap6443_Couleur-1024x652.jpg 1024w, https:\/\/vega78astronomie.fr\/wp-content\/uploads\/2024\/09\/2024-08-06-1216_4-CapObj_lapl2_ap6443_Couleur-300x191.jpg 300w, https:\/\/vega78astronomie.fr\/wp-content\/uploads\/2024\/09\/2024-08-06-1216_4-CapObj_lapl2_ap6443_Couleur-768x489.jpg 768w, https:\/\/vega78astronomie.fr\/wp-content\/uploads\/2024\/09\/2024-08-06-1216_4-CapObj_lapl2_ap6443_Couleur-1536x978.jpg 1536w, https:\/\/vega78astronomie.fr\/wp-content\/uploads\/2024\/09\/2024-08-06-1216_4-CapObj_lapl2_ap6443_Couleur-200x127.jpg 200w, https:\/\/vega78astronomie.fr\/wp-content\/uploads\/2024\/09\/2024-08-06-1216_4-CapObj_lapl2_ap6443_Couleur.jpg 1937w\" sizes=\"auto, (max-width: 1024px) 100vw, 1024px\" \/><\/a><figcaption class=\"wp-element-caption\"><em>Photo Philippe Martin<\/em><\/figcaption><\/figure>\n","protected":false},"excerpt":{"rendered":"<p>En cet \u00e9t\u00e9 de m\u00e9t\u00e9o nocturne capricieuse, le Soleil, tr\u00e8s actif en ce moment (cf aurore polaire du 10 mai dernier !), offre de magnifiques taches \u00e0 immortaliser. Ici la r\u00e9gion active 3780, en d\u00e9tail, prise le 6 ao\u00fbt avec un SCT 12&prime; \u00e0 f\/d 20 (cam\u00e9ra ASI 174MM).<\/p>\n","protected":false},"author":3,"featured_media":0,"comment_status":"closed","ping_status":"open","sticky":false,"template":"","format":"standard","meta":{"footnotes":""},"categories":[20],"tags":[],"class_list":["post-2225","post","type-post","status-publish","format-standard","hentry","category-soleil"],"_links":{"self":[{"href":"https:\/\/vega78astronomie.fr\/index.php\/wp-json\/wp\/v2\/posts\/2225","targetHints":{"allow":["GET"]}}],"collection":[{"href":"https:\/\/vega78astronomie.fr\/index.php\/wp-json\/wp\/v2\/posts"}],"about":[{"href":"https:\/\/vega78astronomie.fr\/index.php\/wp-json\/wp\/v2\/types\/post"}],"author":[{"embeddable":true,"href":"https:\/\/vega78astronomie.fr\/index.php\/wp-json\/wp\/v2\/users\/3"}],"replies":[{"embeddable":true,"href":"https:\/\/vega78astronomie.fr\/index.php\/wp-json\/wp\/v2\/comments?post=2225"}],"version-history":[{"count":1,"href":"https:\/\/vega78astronomie.fr\/index.php\/wp-json\/wp\/v2\/posts\/2225\/revisions"}],"predecessor-version":[{"id":2227,"href":"https:\/\/vega78astronomie.fr\/index.php\/wp-json\/wp\/v2\/posts\/2225\/revisions\/2227"}],"wp:attachment":[{"href":"https:\/\/vega78astronomie.fr\/index.php\/wp-json\/wp\/v2\/media?parent=2225"}],"wp:term":[{"taxonomy":"category","embeddable":true,"href":"https:\/\/vega78astronomie.fr\/index.php\/wp-json\/wp\/v2\/categories?post=2225"},{"taxonomy":"post_tag","embeddable":true,"href":"https:\/\/vega78astronomie.fr\/index.php\/wp-json\/wp\/v2\/tags?post=2225"}],"curies":[{"name":"wp","href":"https:\/\/api.w.org\/{rel}","templated":true}]}}