{"id":1851,"date":"2023-02-07T11:29:34","date_gmt":"2023-02-07T10:29:34","guid":{"rendered":"http:\/\/vega78astronomie.fr\/?p=1851"},"modified":"2023-02-19T11:22:42","modified_gmt":"2023-02-19T10:22:42","slug":"la-comete-c2022-e3-ztf","status":"publish","type":"post","link":"https:\/\/vega78astronomie.fr\/index.php\/2023\/02\/07\/la-comete-c2022-e3-ztf\/","title":{"rendered":"La com\u00e8te C2022 \/ E3 (ZTF)"},"content":{"rendered":"\n<figure class=\"wp-block-image size-large\"><a href=\"http:\/\/vega78astronomie.fr\/wp-content\/uploads\/2023\/02\/C2022E3ZTF_30s_200_40_COMETEstackedRZx035.jpg\"><img loading=\"lazy\" decoding=\"async\" width=\"1024\" height=\"683\" src=\"http:\/\/vega78astronomie.fr\/wp-content\/uploads\/2023\/02\/C2022E3ZTF_30s_200_40_COMETEstackedRZx035-1024x683.jpg\" alt=\"\" class=\"wp-image-1852\" srcset=\"https:\/\/vega78astronomie.fr\/wp-content\/uploads\/2023\/02\/C2022E3ZTF_30s_200_40_COMETEstackedRZx035-1024x683.jpg 1024w, https:\/\/vega78astronomie.fr\/wp-content\/uploads\/2023\/02\/C2022E3ZTF_30s_200_40_COMETEstackedRZx035-300x200.jpg 300w, https:\/\/vega78astronomie.fr\/wp-content\/uploads\/2023\/02\/C2022E3ZTF_30s_200_40_COMETEstackedRZx035-768x512.jpg 768w, https:\/\/vega78astronomie.fr\/wp-content\/uploads\/2023\/02\/C2022E3ZTF_30s_200_40_COMETEstackedRZx035-1536x1024.jpg 1536w, https:\/\/vega78astronomie.fr\/wp-content\/uploads\/2023\/02\/C2022E3ZTF_30s_200_40_COMETEstackedRZx035-2048x1365.jpg 2048w, https:\/\/vega78astronomie.fr\/wp-content\/uploads\/2023\/02\/C2022E3ZTF_30s_200_40_COMETEstackedRZx035-200x133.jpg 200w\" sizes=\"auto, (max-width: 1024px) 100vw, 1024px\" \/><\/a><figcaption class=\"wp-element-caption\"><em>Photo par Philippe Germon, 30 janvier 2023<\/em><\/figcaption><\/figure>\n\n\n\n<figure class=\"wp-block-image size-large is-resized\"><a href=\"http:\/\/vega78astronomie.fr\/wp-content\/uploads\/2023\/02\/C2022E3-ZTF-2023-02-07.png\"><img loading=\"lazy\" decoding=\"async\" src=\"http:\/\/vega78astronomie.fr\/wp-content\/uploads\/2023\/02\/C2022E3-ZTF-2023-02-07-1024x554.png\" alt=\"\" class=\"wp-image-1859\" width=\"840\" height=\"454\" srcset=\"https:\/\/vega78astronomie.fr\/wp-content\/uploads\/2023\/02\/C2022E3-ZTF-2023-02-07-1024x554.png 1024w, https:\/\/vega78astronomie.fr\/wp-content\/uploads\/2023\/02\/C2022E3-ZTF-2023-02-07-300x162.png 300w, https:\/\/vega78astronomie.fr\/wp-content\/uploads\/2023\/02\/C2022E3-ZTF-2023-02-07-768x415.png 768w, https:\/\/vega78astronomie.fr\/wp-content\/uploads\/2023\/02\/C2022E3-ZTF-2023-02-07-200x108.png 200w, https:\/\/vega78astronomie.fr\/wp-content\/uploads\/2023\/02\/C2022E3-ZTF-2023-02-07.png 1502w\" sizes=\"auto, (max-width: 840px) 100vw, 840px\" \/><\/a><figcaption class=\"wp-element-caption\"><em>Spectre de la com\u00e8te r\u00e9alis\u00e9 le 7 f\u00e9vrier par Pascal Berteau \u00e0 l&rsquo;aide d&rsquo;un spectrographe <a href=\"https:\/\/spectro-uvex.tech\/\" data-type=\"URL\" data-id=\"https:\/\/spectro-uvex.tech\/\">UVEX4<\/a> mont\u00e9 sur un t\u00e9lecsope Ritchey-Chr\u00e9tien de 8 pouces<\/em>. <em>On y remarque particuli\u00e8rement les raies du carbone diatomique (C2), de radical amine (NH2) et du radical cyanure (CN)<\/em><\/figcaption><\/figure>\n","protected":false},"excerpt":{"rendered":"","protected":false},"author":3,"featured_media":0,"comment_status":"closed","ping_status":"open","sticky":false,"template":"","format":"standard","meta":{"footnotes":""},"categories":[28,17],"tags":[46,44,48],"class_list":["post-1851","post","type-post","status-publish","format-standard","hentry","category-cometes","category-spectroscopie","tag-c2022-e3","tag-comete","tag-spectre"],"_links":{"self":[{"href":"https:\/\/vega78astronomie.fr\/index.php\/wp-json\/wp\/v2\/posts\/1851","targetHints":{"allow":["GET"]}}],"collection":[{"href":"https:\/\/vega78astronomie.fr\/index.php\/wp-json\/wp\/v2\/posts"}],"about":[{"href":"https:\/\/vega78astronomie.fr\/index.php\/wp-json\/wp\/v2\/types\/post"}],"author":[{"embeddable":true,"href":"https:\/\/vega78astronomie.fr\/index.php\/wp-json\/wp\/v2\/users\/3"}],"replies":[{"embeddable":true,"href":"https:\/\/vega78astronomie.fr\/index.php\/wp-json\/wp\/v2\/comments?post=1851"}],"version-history":[{"count":3,"href":"https:\/\/vega78astronomie.fr\/index.php\/wp-json\/wp\/v2\/posts\/1851\/revisions"}],"predecessor-version":[{"id":1861,"href":"https:\/\/vega78astronomie.fr\/index.php\/wp-json\/wp\/v2\/posts\/1851\/revisions\/1861"}],"wp:attachment":[{"href":"https:\/\/vega78astronomie.fr\/index.php\/wp-json\/wp\/v2\/media?parent=1851"}],"wp:term":[{"taxonomy":"category","embeddable":true,"href":"https:\/\/vega78astronomie.fr\/index.php\/wp-json\/wp\/v2\/categories?post=1851"},{"taxonomy":"post_tag","embeddable":true,"href":"https:\/\/vega78astronomie.fr\/index.php\/wp-json\/wp\/v2\/tags?post=1851"}],"curies":[{"name":"wp","href":"https:\/\/api.w.org\/{rel}","templated":true}]}}