{"id":1072,"date":"2021-01-05T21:42:00","date_gmt":"2021-01-05T20:42:00","guid":{"rendered":"http:\/\/vega78astronomie.fr\/?p=1072"},"modified":"2022-08-22T15:57:40","modified_gmt":"2022-08-22T13:57:40","slug":"m42-la-lune-par-evelyne","status":"publish","type":"post","link":"https:\/\/vega78astronomie.fr\/index.php\/2021\/01\/05\/m42-la-lune-par-evelyne\/","title":{"rendered":"M42, la Lune par Evelyne"},"content":{"rendered":"\n<figure class=\"wp-block-image size-large\"><img loading=\"lazy\" decoding=\"async\" width=\"487\" height=\"324\" src=\"http:\/\/vega78astronomie.fr\/wp-content\/uploads\/2021\/03\/image003.jpg\" alt=\"\" class=\"wp-image-1073\" srcset=\"https:\/\/vega78astronomie.fr\/wp-content\/uploads\/2021\/03\/image003.jpg 487w, https:\/\/vega78astronomie.fr\/wp-content\/uploads\/2021\/03\/image003-300x200.jpg 300w, https:\/\/vega78astronomie.fr\/wp-content\/uploads\/2021\/03\/image003-200x133.jpg 200w\" sizes=\"auto, (max-width: 487px) 100vw, 487px\" \/><\/figure>\n\n\n\n<figure class=\"wp-block-image size-large\"><img loading=\"lazy\" decoding=\"async\" width=\"487\" height=\"323\" src=\"http:\/\/vega78astronomie.fr\/wp-content\/uploads\/2021\/03\/image001.jpg\" alt=\"\" class=\"wp-image-1074\" srcset=\"https:\/\/vega78astronomie.fr\/wp-content\/uploads\/2021\/03\/image001.jpg 487w, https:\/\/vega78astronomie.fr\/wp-content\/uploads\/2021\/03\/image001-300x199.jpg 300w, https:\/\/vega78astronomie.fr\/wp-content\/uploads\/2021\/03\/image001-200x133.jpg 200w\" sizes=\"auto, (max-width: 487px) 100vw, 487px\" \/><\/figure>\n\n\n\n<p>Voici 2 photos simples et non retravaill\u00e9es, avec mon APN sur ma petite monture, et qui ont fait ma joie l\u2019autre soir malgr\u00e9 le froid.<\/p>\n\n\n\n<p>Je \u00ab progresse \u00bb pas \u00e0 pas gr\u00e2ce \u00e0 Vega.<\/p>\n\n\n\n<p>Meilleure ann\u00e9e \u00e0 tous.<\/p>\n\n\n\n<p>Evelyne<\/p>\n","protected":false},"excerpt":{"rendered":"<p>Voici 2 photos simples et non retravaill\u00e9es, avec mon APN sur ma petite monture, et qui ont fait ma joie l\u2019autre soir malgr\u00e9 le froid. Je \u00ab progresse \u00bb pas \u00e0 pas gr\u00e2ce \u00e0 Vega. Meilleure ann\u00e9e \u00e0 tous. Evelyne<\/p>\n","protected":false},"author":1,"featured_media":0,"comment_status":"closed","ping_status":"open","sticky":false,"template":"","format":"standard","meta":{"footnotes":""},"categories":[21],"tags":[16,15],"class_list":["post-1072","post","type-post","status-publish","format-standard","hentry","category-lune","tag-ciel-profond","tag-lune"],"_links":{"self":[{"href":"https:\/\/vega78astronomie.fr\/index.php\/wp-json\/wp\/v2\/posts\/1072","targetHints":{"allow":["GET"]}}],"collection":[{"href":"https:\/\/vega78astronomie.fr\/index.php\/wp-json\/wp\/v2\/posts"}],"about":[{"href":"https:\/\/vega78astronomie.fr\/index.php\/wp-json\/wp\/v2\/types\/post"}],"author":[{"embeddable":true,"href":"https:\/\/vega78astronomie.fr\/index.php\/wp-json\/wp\/v2\/users\/1"}],"replies":[{"embeddable":true,"href":"https:\/\/vega78astronomie.fr\/index.php\/wp-json\/wp\/v2\/comments?post=1072"}],"version-history":[{"count":1,"href":"https:\/\/vega78astronomie.fr\/index.php\/wp-json\/wp\/v2\/posts\/1072\/revisions"}],"predecessor-version":[{"id":1075,"href":"https:\/\/vega78astronomie.fr\/index.php\/wp-json\/wp\/v2\/posts\/1072\/revisions\/1075"}],"wp:attachment":[{"href":"https:\/\/vega78astronomie.fr\/index.php\/wp-json\/wp\/v2\/media?parent=1072"}],"wp:term":[{"taxonomy":"category","embeddable":true,"href":"https:\/\/vega78astronomie.fr\/index.php\/wp-json\/wp\/v2\/categories?post=1072"},{"taxonomy":"post_tag","embeddable":true,"href":"https:\/\/vega78astronomie.fr\/index.php\/wp-json\/wp\/v2\/tags?post=1072"}],"curies":[{"name":"wp","href":"https:\/\/api.w.org\/{rel}","templated":true}]}}