{"id":1061,"date":"2021-03-06T21:20:00","date_gmt":"2021-03-06T20:20:00","guid":{"rendered":"http:\/\/vega78astronomie.fr\/?p=1061"},"modified":"2022-08-22T15:56:38","modified_gmt":"2022-08-22T13:56:38","slug":"m3-par-patrick","status":"publish","type":"post","link":"https:\/\/vega78astronomie.fr\/index.php\/2021\/03\/06\/m3-par-patrick\/","title":{"rendered":"M3 par Patrick"},"content":{"rendered":"\n<figure class=\"wp-block-image size-large\"><img loading=\"lazy\" decoding=\"async\" width=\"1024\" height=\"768\" src=\"http:\/\/vega78astronomie.fr\/wp-content\/uploads\/2021\/03\/M3_Amas-globulaire-Chiens-de-chasses_210306-1-1024x768.jpg\" alt=\"\" class=\"wp-image-1062\" srcset=\"https:\/\/vega78astronomie.fr\/wp-content\/uploads\/2021\/03\/M3_Amas-globulaire-Chiens-de-chasses_210306-1-1024x768.jpg 1024w, https:\/\/vega78astronomie.fr\/wp-content\/uploads\/2021\/03\/M3_Amas-globulaire-Chiens-de-chasses_210306-1-300x225.jpg 300w, https:\/\/vega78astronomie.fr\/wp-content\/uploads\/2021\/03\/M3_Amas-globulaire-Chiens-de-chasses_210306-1-768x576.jpg 768w, https:\/\/vega78astronomie.fr\/wp-content\/uploads\/2021\/03\/M3_Amas-globulaire-Chiens-de-chasses_210306-1-200x150.jpg 200w, https:\/\/vega78astronomie.fr\/wp-content\/uploads\/2021\/03\/M3_Amas-globulaire-Chiens-de-chasses_210306-1.jpg 1280w\" sizes=\"auto, (max-width: 1024px) 100vw, 1024px\" \/><\/figure>\n\n\n\n<p>La magie a commenc\u00e9e quand j&rsquo;ai pu ENFIN utiliser la recherche<br>automatique et que l&rsquo;objet souhait\u00e9 se retrouve dans l&rsquo;oculaire.<br>La pr\u00e9cision n&rsquo;est pas terrible car je n&rsquo;ai pas d&rsquo;objectif r\u00e9ticul\u00e9 et<br>\u00e9clair\u00e9, mais une fois visible dans le 25mm, j&rsquo;affine.<\/p>\n\n\n\n<p>J&rsquo;ai ainsi pu faire mes 1ers pas dans le pr\u00e9-ciel profond \ud83d\ude2e<\/p>\n","protected":false},"excerpt":{"rendered":"<p>La magie a commenc\u00e9e quand j&rsquo;ai pu ENFIN utiliser la rechercheautomatique et que l&rsquo;objet souhait\u00e9 se retrouve dans l&rsquo;oculaire.La pr\u00e9cision n&rsquo;est pas terrible car je n&rsquo;ai pas d&rsquo;objectif r\u00e9ticul\u00e9 et\u00e9clair\u00e9, mais une fois visible dans le 25mm, j&rsquo;affine. J&rsquo;ai ainsi pu faire mes 1ers pas dans le pr\u00e9-ciel profond \ud83d\ude2e<\/p>\n","protected":false},"author":1,"featured_media":0,"comment_status":"closed","ping_status":"open","sticky":false,"template":"","format":"standard","meta":{"footnotes":""},"categories":[19],"tags":[],"class_list":["post-1061","post","type-post","status-publish","format-standard","hentry","category-ciel-profond"],"_links":{"self":[{"href":"https:\/\/vega78astronomie.fr\/index.php\/wp-json\/wp\/v2\/posts\/1061","targetHints":{"allow":["GET"]}}],"collection":[{"href":"https:\/\/vega78astronomie.fr\/index.php\/wp-json\/wp\/v2\/posts"}],"about":[{"href":"https:\/\/vega78astronomie.fr\/index.php\/wp-json\/wp\/v2\/types\/post"}],"author":[{"embeddable":true,"href":"https:\/\/vega78astronomie.fr\/index.php\/wp-json\/wp\/v2\/users\/1"}],"replies":[{"embeddable":true,"href":"https:\/\/vega78astronomie.fr\/index.php\/wp-json\/wp\/v2\/comments?post=1061"}],"version-history":[{"count":1,"href":"https:\/\/vega78astronomie.fr\/index.php\/wp-json\/wp\/v2\/posts\/1061\/revisions"}],"predecessor-version":[{"id":1063,"href":"https:\/\/vega78astronomie.fr\/index.php\/wp-json\/wp\/v2\/posts\/1061\/revisions\/1063"}],"wp:attachment":[{"href":"https:\/\/vega78astronomie.fr\/index.php\/wp-json\/wp\/v2\/media?parent=1061"}],"wp:term":[{"taxonomy":"category","embeddable":true,"href":"https:\/\/vega78astronomie.fr\/index.php\/wp-json\/wp\/v2\/categories?post=1061"},{"taxonomy":"post_tag","embeddable":true,"href":"https:\/\/vega78astronomie.fr\/index.php\/wp-json\/wp\/v2\/tags?post=1061"}],"curies":[{"name":"wp","href":"https:\/\/api.w.org\/{rel}","templated":true}]}}